{"id":17139,"date":"2026-09-04T14:37:39","date_gmt":"2026-09-04T14:37:39","guid":{"rendered":"https:\/\/magisterneurociencia.uv.cl\/?p=17139"},"modified":"2026-09-04T14:37:39","modified_gmt":"2026-09-04T14:37:39","slug":"estudiantes-y-graduados-del-magister-en-neurociencias-uv-compartieron-sus-investigaciones-en-falan-2026","status":"publish","type":"post","link":"https:\/\/magisterneurociencia.uv.cl\/?p=17139","title":{"rendered":"Estudiantes y graduados del Mag\u00edster en Neurociencias UV compartieron sus investigaciones en FALAN 2026"},"content":{"rendered":"La participaci\u00f3n en el encuentro reuni\u00f3 a actuales estudiantes y exalumnos del programa en torno a la presentaci\u00f3n de sus investigaciones cient\u00edficas. Entre los protagonistas estuvo Jos\u00e9 Ibacache, estudiante de la generaci\u00f3n 2026, quien adem\u00e1s fue el creador del logo oficial de FALAN 2026.<!--more--><br \/><br \/><br \/><img decoding=\"async\" loading=\"lazy\" class=\"size-medium wp-image-17148 alignleft\" src=\"https:\/\/magisterneurociencia.uv.cl\/wp-content\/uploads\/2026\/09\/WhatsApp-Image-2026-09-03-at-11.20.21-AM-1-300x225.jpeg\" alt=\"\" width=\"300\" height=\"225\" srcset=\"https:\/\/magisterneurociencia.uv.cl\/wp-content\/uploads\/2026\/09\/WhatsApp-Image-2026-09-03-at-11.20.21-AM-1-300x225.jpeg 300w, https:\/\/magisterneurociencia.uv.cl\/wp-content\/uploads\/2026\/09\/WhatsApp-Image-2026-09-03-at-11.20.21-AM-1-1024x768.jpeg 1024w, https:\/\/magisterneurociencia.uv.cl\/wp-content\/uploads\/2026\/09\/WhatsApp-Image-2026-09-03-at-11.20.21-AM-1-768x576.jpeg 768w, https:\/\/magisterneurociencia.uv.cl\/wp-content\/uploads\/2026\/09\/WhatsApp-Image-2026-09-03-at-11.20.21-AM-1-733x550.jpeg 733w, https:\/\/magisterneurociencia.uv.cl\/wp-content\/uploads\/2026\/09\/WhatsApp-Image-2026-09-03-at-11.20.21-AM-1-80x60.jpeg 80w, https:\/\/magisterneurociencia.uv.cl\/wp-content\/uploads\/2026\/09\/WhatsApp-Image-2026-09-03-at-11.20.21-AM-1-80x60@2x.jpeg 160w, https:\/\/magisterneurociencia.uv.cl\/wp-content\/uploads\/2026\/09\/WhatsApp-Image-2026-09-03-at-11.20.21-AM-1.jpeg 1280w\" sizes=\"(max-width: 300px) 100vw, 300px\" \/>Presentar una investigaci\u00f3n, responder preguntas, intercambiar ideas y establecer v\u00ednculos con otros investigadores son experiencias que forman parte fundamental del camino cient\u00edfico. Esa fue precisamente la oportunidad que vivieron estudiantes y graduados del Mag\u00edster en Neurociencias de la Universidad de Valpara\u00edso durante su participaci\u00f3n en FALAN 2026, encuentro realizado en el Centro de Extensi\u00f3n de la Pontificia Universidad Cat\u00f3lica de Chile. <br \/><br \/>A trav\u00e9s de la presentaci\u00f3n de sus trabajos en formato p\u00f3ster, integrantes de distintas generaciones del programa dieron a conocer las investigaciones que desarrollan en diversas \u00e1reas de las neurociencias, compartiendo sus avances con estudiantes, acad\u00e9micos e investigadores reunidos en esta instancia. <br \/><br \/>La participaci\u00f3n del Mag\u00edster reflej\u00f3, adem\u00e1s, la continuidad de una comunidad acad\u00e9mica en la que estudiantes y graduados siguen vinculados a la investigaci\u00f3n y a la generaci\u00f3n de conocimiento, fortaleciendo su presencia en espacios de intercambio cient\u00edfico. <br \/><br \/><img decoding=\"async\" loading=\"lazy\" class=\"size-medium wp-image-17151 alignright\" src=\"https:\/\/magisterneurociencia.uv.cl\/wp-content\/uploads\/2026\/09\/WhatsApp-Image-2026-09-03-at-9.37.07-AM-225x300.jpeg\" alt=\"\" width=\"225\" height=\"300\" srcset=\"https:\/\/magisterneurociencia.uv.cl\/wp-content\/uploads\/2026\/09\/WhatsApp-Image-2026-09-03-at-9.37.07-AM-225x300.jpeg 225w, https:\/\/magisterneurociencia.uv.cl\/wp-content\/uploads\/2026\/09\/WhatsApp-Image-2026-09-03-at-9.37.07-AM-768x1024.jpeg 768w, https:\/\/magisterneurociencia.uv.cl\/wp-content\/uploads\/2026\/09\/WhatsApp-Image-2026-09-03-at-9.37.07-AM-413x550.jpeg 413w, https:\/\/magisterneurociencia.uv.cl\/wp-content\/uploads\/2026\/09\/WhatsApp-Image-2026-09-03-at-9.37.07-AM-413x550@2x.jpeg 825w, https:\/\/magisterneurociencia.uv.cl\/wp-content\/uploads\/2026\/09\/WhatsApp-Image-2026-09-03-at-9.37.07-AM.jpeg 960w\" sizes=\"(max-width: 225px) 100vw, 225px\" \/>Entre quienes participaron estuvieron Camilo Etchegaray, estudiante del Mag\u00edster; Astrid Mu\u00f1oz, exalumna; Justin Taylor, exalumno; Patricio Riquelme, exalumno; Nelson Urrea, exalumno; Javiera Moya, alumna de la generaci\u00f3n 2024; Arabia Olea, exalumna; Jos\u00e9 Ibacache, estudiante de la generaci\u00f3n 2026; Carolina Tolosa, alumna de la generaci\u00f3n 2025; Felipe Ram\u00edrez, alumno de la generaci\u00f3n 2025; Sash\u00e1 van Buuren Briones, exalumno, Felipe Vergara estudiante generaci\u00f3n 2026 y Nicol Vidal, exalumna. <br \/><br \/><strong>Un sello propio en FALAN 2026<\/strong> <br \/><img decoding=\"async\" loading=\"lazy\" class=\"size-medium wp-image-17153 alignleft\" src=\"https:\/\/magisterneurociencia.uv.cl\/wp-content\/uploads\/2026\/09\/WhatsApp-Image-2026-09-03-at-11.16.46-AM-225x300.jpeg\" alt=\"\" width=\"225\" height=\"300\" srcset=\"https:\/\/magisterneurociencia.uv.cl\/wp-content\/uploads\/2026\/09\/WhatsApp-Image-2026-09-03-at-11.16.46-AM-225x300.jpeg 225w, https:\/\/magisterneurociencia.uv.cl\/wp-content\/uploads\/2026\/09\/WhatsApp-Image-2026-09-03-at-11.16.46-AM-768x1024.jpeg 768w, https:\/\/magisterneurociencia.uv.cl\/wp-content\/uploads\/2026\/09\/WhatsApp-Image-2026-09-03-at-11.16.46-AM-413x550.jpeg 413w, https:\/\/magisterneurociencia.uv.cl\/wp-content\/uploads\/2026\/09\/WhatsApp-Image-2026-09-03-at-11.16.46-AM-413x550@2x.jpeg 825w, https:\/\/magisterneurociencia.uv.cl\/wp-content\/uploads\/2026\/09\/WhatsApp-Image-2026-09-03-at-11.16.46-AM.jpeg 960w\" sizes=\"(max-width: 225px) 100vw, 225px\" \/>Pero la presencia del Mag\u00edster en Neurociencias UV en el encuentro tambi\u00e9n tuvo otra expresi\u00f3n. El logo oficial de FALAN 2026 fue creado por Jos\u00e9 Ibacache, actual estudiante del programa, quien adem\u00e1s particip\u00f3 en la presentaci\u00f3n de su propia investigaci\u00f3n. <br \/><br \/>Su aporte permiti\u00f3 que un integrante de la comunidad del Mag\u00edster dejara su sello no solo desde la investigaci\u00f3n cient\u00edfica, sino tambi\u00e9n en la identidad visual de uno de los principales encuentros que reuni\u00f3 a la comunidad vinculada a las neurociencias. <br \/><br \/>La participaci\u00f3n de estudiantes y graduados en FALAN 2026 da cuenta de una de las experiencias que ofrece la formaci\u00f3n de postgrado: la posibilidad de integrarse activamente a espacios donde la investigaci\u00f3n se comunica, se discute y se proyecta junto a otras comunidades cient\u00edficas. <br \/><br \/>Para quienes proyectan continuar su formaci\u00f3n en el \u00e1rea y buscan nuevos desaf\u00edos acad\u00e9micos, estas experiencias muestran parte del camino que pueden recorrer las y los futuros estudiantes del Mag\u00edster en Neurociencias de la Universidad de Valpara\u00edso, programa que se prepara para recibir a una nueva generaci\u00f3n en 2027.<br \/><br \/><img decoding=\"async\" loading=\"lazy\" class=\"size-medium wp-image-17146 alignleft\" src=\"https:\/\/magisterneurociencia.uv.cl\/wp-content\/uploads\/2026\/09\/WhatsApp-Image-2026-09-03-at-11.26.25-AM-225x300.jpeg\" alt=\"\" width=\"225\" height=\"300\" srcset=\"https:\/\/magisterneurociencia.uv.cl\/wp-content\/uploads\/2026\/09\/WhatsApp-Image-2026-09-03-at-11.26.25-AM-225x300.jpeg 225w, https:\/\/magisterneurociencia.uv.cl\/wp-content\/uploads\/2026\/09\/WhatsApp-Image-2026-09-03-at-11.26.25-AM-768x1024.jpeg 768w, https:\/\/magisterneurociencia.uv.cl\/wp-content\/uploads\/2026\/09\/WhatsApp-Image-2026-09-03-at-11.26.25-AM-413x550.jpeg 413w, https:\/\/magisterneurociencia.uv.cl\/wp-content\/uploads\/2026\/09\/WhatsApp-Image-2026-09-03-at-11.26.25-AM-413x550@2x.jpeg 825w, https:\/\/magisterneurociencia.uv.cl\/wp-content\/uploads\/2026\/09\/WhatsApp-Image-2026-09-03-at-11.26.25-AM.jpeg 960w\" sizes=\"(max-width: 225px) 100vw, 225px\" \/><img decoding=\"async\" loading=\"lazy\" class=\"size-medium wp-image-17143 alignleft\" src=\"https:\/\/magisterneurociencia.uv.cl\/wp-content\/uploads\/2026\/09\/WhatsApp-Image-2026-09-03-at-12.58.52-PM-225x300.jpeg\" alt=\"\" width=\"225\" height=\"300\" srcset=\"https:\/\/magisterneurociencia.uv.cl\/wp-content\/uploads\/2026\/09\/WhatsApp-Image-2026-09-03-at-12.58.52-PM-225x300.jpeg 225w, https:\/\/magisterneurociencia.uv.cl\/wp-content\/uploads\/2026\/09\/WhatsApp-Image-2026-09-03-at-12.58.52-PM-768x1024.jpeg 768w, https:\/\/magisterneurociencia.uv.cl\/wp-content\/uploads\/2026\/09\/WhatsApp-Image-2026-09-03-at-12.58.52-PM-413x550.jpeg 413w, https:\/\/magisterneurociencia.uv.cl\/wp-content\/uploads\/2026\/09\/WhatsApp-Image-2026-09-03-at-12.58.52-PM-413x550@2x.jpeg 825w, https:\/\/magisterneurociencia.uv.cl\/wp-content\/uploads\/2026\/09\/WhatsApp-Image-2026-09-03-at-12.58.52-PM.jpeg 960w\" sizes=\"(max-width: 225px) 100vw, 225px\" \/><img decoding=\"async\" loading=\"lazy\" class=\"size-medium wp-image-17142 alignleft\" src=\"https:\/\/magisterneurociencia.uv.cl\/wp-content\/uploads\/2026\/09\/WhatsApp-Image-2026-09-03-at-12.59.40-PM-223x300.jpeg\" alt=\"\" width=\"223\" height=\"300\" srcset=\"https:\/\/magisterneurociencia.uv.cl\/wp-content\/uploads\/2026\/09\/WhatsApp-Image-2026-09-03-at-12.59.40-PM-223x300.jpeg 223w, https:\/\/magisterneurociencia.uv.cl\/wp-content\/uploads\/2026\/09\/WhatsApp-Image-2026-09-03-at-12.59.40-PM-761x1024.jpeg 761w, https:\/\/magisterneurociencia.uv.cl\/wp-content\/uploads\/2026\/09\/WhatsApp-Image-2026-09-03-at-12.59.40-PM-768x1034.jpeg 768w, https:\/\/magisterneurociencia.uv.cl\/wp-content\/uploads\/2026\/09\/WhatsApp-Image-2026-09-03-at-12.59.40-PM-409x550.jpeg 409w, https:\/\/magisterneurociencia.uv.cl\/wp-content\/uploads\/2026\/09\/WhatsApp-Image-2026-09-03-at-12.59.40-PM-409x550@2x.jpeg 817w, https:\/\/magisterneurociencia.uv.cl\/wp-content\/uploads\/2026\/09\/WhatsApp-Image-2026-09-03-at-12.59.40-PM.jpeg 951w\" sizes=\"(max-width: 223px) 100vw, 223px\" \/><br \/><img decoding=\"async\" loading=\"lazy\" class=\"size-medium wp-image-17145 alignnone\" src=\"https:\/\/magisterneurociencia.uv.cl\/wp-content\/uploads\/2026\/09\/WhatsApp-Image-2026-09-03-at-11.38.09-AM-225x300.jpeg\" alt=\"\" width=\"225\" height=\"300\" srcset=\"https:\/\/magisterneurociencia.uv.cl\/wp-content\/uploads\/2026\/09\/WhatsApp-Image-2026-09-03-at-11.38.09-AM-225x300.jpeg 225w, https:\/\/magisterneurociencia.uv.cl\/wp-content\/uploads\/2026\/09\/WhatsApp-Image-2026-09-03-at-11.38.09-AM-768x1024.jpeg 768w, https:\/\/magisterneurociencia.uv.cl\/wp-content\/uploads\/2026\/09\/WhatsApp-Image-2026-09-03-at-11.38.09-AM-413x550.jpeg 413w, https:\/\/magisterneurociencia.uv.cl\/wp-content\/uploads\/2026\/09\/WhatsApp-Image-2026-09-03-at-11.38.09-AM-413x550@2x.jpeg 825w, https:\/\/magisterneurociencia.uv.cl\/wp-content\/uploads\/2026\/09\/WhatsApp-Image-2026-09-03-at-11.38.09-AM.jpeg 960w\" sizes=\"(max-width: 225px) 100vw, 225px\" \/><img decoding=\"async\" loading=\"lazy\" class=\"size-medium wp-image-17140 alignleft\" src=\"https:\/\/magisterneurociencia.uv.cl\/wp-content\/uploads\/2026\/09\/WhatsApp-Image-2026-09-03-at-4.09.08-PM-169x300.jpeg\" alt=\"\" width=\"169\" height=\"300\" srcset=\"https:\/\/magisterneurociencia.uv.cl\/wp-content\/uploads\/2026\/09\/WhatsApp-Image-2026-09-03-at-4.09.08-PM-169x300.jpeg 169w, https:\/\/magisterneurociencia.uv.cl\/wp-content\/uploads\/2026\/09\/WhatsApp-Image-2026-09-03-at-4.09.08-PM-576x1024.jpeg 576w, https:\/\/magisterneurociencia.uv.cl\/wp-content\/uploads\/2026\/09\/WhatsApp-Image-2026-09-03-at-4.09.08-PM-768x1365.jpeg 768w, https:\/\/magisterneurociencia.uv.cl\/wp-content\/uploads\/2026\/09\/WhatsApp-Image-2026-09-03-at-4.09.08-PM-309x550.jpeg 309w, https:\/\/magisterneurociencia.uv.cl\/wp-content\/uploads\/2026\/09\/WhatsApp-Image-2026-09-03-at-4.09.08-PM-309x550@2x.jpeg 619w, https:\/\/magisterneurociencia.uv.cl\/wp-content\/uploads\/2026\/09\/WhatsApp-Image-2026-09-03-at-4.09.08-PM.jpeg 828w\" sizes=\"(max-width: 169px) 100vw, 169px\" \/><img decoding=\"async\" loading=\"lazy\" class=\"size-medium wp-image-17147 alignleft\" src=\"https:\/\/magisterneurociencia.uv.cl\/wp-content\/uploads\/2026\/09\/WhatsApp-Image-2026-09-03-at-11.20.22-AM-225x300.jpeg\" alt=\"\" width=\"225\" height=\"300\" srcset=\"https:\/\/magisterneurociencia.uv.cl\/wp-content\/uploads\/2026\/09\/WhatsApp-Image-2026-09-03-at-11.20.22-AM-225x300.jpeg 225w, https:\/\/magisterneurociencia.uv.cl\/wp-content\/uploads\/2026\/09\/WhatsApp-Image-2026-09-03-at-11.20.22-AM-768x1024.jpeg 768w, https:\/\/magisterneurociencia.uv.cl\/wp-content\/uploads\/2026\/09\/WhatsApp-Image-2026-09-03-at-11.20.22-AM-413x550.jpeg 413w, https:\/\/magisterneurociencia.uv.cl\/wp-content\/uploads\/2026\/09\/WhatsApp-Image-2026-09-03-at-11.20.22-AM-413x550@2x.jpeg 825w, https:\/\/magisterneurociencia.uv.cl\/wp-content\/uploads\/2026\/09\/WhatsApp-Image-2026-09-03-at-11.20.22-AM.jpeg 960w\" sizes=\"(max-width: 225px) 100vw, 225px\" \/><img decoding=\"async\" loading=\"lazy\" class=\"size-medium wp-image-17152 alignleft\" src=\"https:\/\/magisterneurociencia.uv.cl\/wp-content\/uploads\/2026\/09\/WhatsApp-Image-2026-09-03-at-9.38.05-AM-300x225.jpeg\" alt=\"\" width=\"300\" height=\"225\" srcset=\"https:\/\/magisterneurociencia.uv.cl\/wp-content\/uploads\/2026\/09\/WhatsApp-Image-2026-09-03-at-9.38.05-AM-300x225.jpeg 300w, https:\/\/magisterneurociencia.uv.cl\/wp-content\/uploads\/2026\/09\/WhatsApp-Image-2026-09-03-at-9.38.05-AM-1024x768.jpeg 1024w, https:\/\/magisterneurociencia.uv.cl\/wp-content\/uploads\/2026\/09\/WhatsApp-Image-2026-09-03-at-9.38.05-AM-768x576.jpeg 768w, https:\/\/magisterneurociencia.uv.cl\/wp-content\/uploads\/2026\/09\/WhatsApp-Image-2026-09-03-at-9.38.05-AM-733x550.jpeg 733w, https:\/\/magisterneurociencia.uv.cl\/wp-content\/uploads\/2026\/09\/WhatsApp-Image-2026-09-03-at-9.38.05-AM-80x60.jpeg 80w, https:\/\/magisterneurociencia.uv.cl\/wp-content\/uploads\/2026\/09\/WhatsApp-Image-2026-09-03-at-9.38.05-AM-80x60@2x.jpeg 160w, https:\/\/magisterneurociencia.uv.cl\/wp-content\/uploads\/2026\/09\/WhatsApp-Image-2026-09-03-at-9.38.05-AM.jpeg 1280w\" sizes=\"(max-width: 300px) 100vw, 300px\" \/><br \/><br \/><img decoding=\"async\" loading=\"lazy\" class=\"size-medium wp-image-17150 alignleft\" src=\"https:\/\/magisterneurociencia.uv.cl\/wp-content\/uploads\/2026\/09\/WhatsApp-Image-2026-09-02-at-11.33.53-AM-170x300.jpeg\" alt=\"\" width=\"170\" height=\"300\" srcset=\"https:\/\/magisterneurociencia.uv.cl\/wp-content\/uploads\/2026\/09\/WhatsApp-Image-2026-09-02-at-11.33.53-AM-170x300.jpeg 170w, https:\/\/magisterneurociencia.uv.cl\/wp-content\/uploads\/2026\/09\/WhatsApp-Image-2026-09-02-at-11.33.53-AM-581x1024.jpeg 581w, https:\/\/magisterneurociencia.uv.cl\/wp-content\/uploads\/2026\/09\/WhatsApp-Image-2026-09-02-at-11.33.53-AM-312x550.jpeg 312w, https:\/\/magisterneurociencia.uv.cl\/wp-content\/uploads\/2026\/09\/WhatsApp-Image-2026-09-02-at-11.33.53-AM-312x550@2x.jpeg 624w, https:\/\/magisterneurociencia.uv.cl\/wp-content\/uploads\/2026\/09\/WhatsApp-Image-2026-09-02-at-11.33.53-AM-235x415.jpeg 235w, https:\/\/magisterneurociencia.uv.cl\/wp-content\/uploads\/2026\/09\/WhatsApp-Image-2026-09-02-at-11.33.53-AM-235x415@2x.jpeg 470w, https:\/\/magisterneurociencia.uv.cl\/wp-content\/uploads\/2026\/09\/WhatsApp-Image-2026-09-02-at-11.33.53-AM.jpeg 726w\" sizes=\"(max-width: 170px) 100vw, 170px\" \/><img decoding=\"async\" loading=\"lazy\" class=\"size-medium wp-image-17149 alignleft\" src=\"https:\/\/magisterneurociencia.uv.cl\/wp-content\/uploads\/2026\/09\/WhatsApp-Image-2026-09-03-at-11.20.21-AM-225x300.jpeg\" alt=\"\" width=\"225\" height=\"300\" srcset=\"https:\/\/magisterneurociencia.uv.cl\/wp-content\/uploads\/2026\/09\/WhatsApp-Image-2026-09-03-at-11.20.21-AM-225x300.jpeg 225w, https:\/\/magisterneurociencia.uv.cl\/wp-content\/uploads\/2026\/09\/WhatsApp-Image-2026-09-03-at-11.20.21-AM-768x1024.jpeg 768w, https:\/\/magisterneurociencia.uv.cl\/wp-content\/uploads\/2026\/09\/WhatsApp-Image-2026-09-03-at-11.20.21-AM-413x550.jpeg 413w, https:\/\/magisterneurociencia.uv.cl\/wp-content\/uploads\/2026\/09\/WhatsApp-Image-2026-09-03-at-11.20.21-AM-413x550@2x.jpeg 825w, https:\/\/magisterneurociencia.uv.cl\/wp-content\/uploads\/2026\/09\/WhatsApp-Image-2026-09-03-at-11.20.21-AM.jpeg 960w\" sizes=\"(max-width: 225px) 100vw, 225px\" \/>","protected":false},"excerpt":{"rendered":"<p>La participaci\u00f3n en el encuentro reuni\u00f3 a actuales estudiantes y exalumnos del programa en torno a la presentaci\u00f3n de sus investigaciones cient\u00edficas. Entre los protagonistas estuvo Jos\u00e9 Ibacache, estudiante de la generaci\u00f3n 2026, quien adem\u00e1s fue el creador del logo oficial de FALAN 2026.<\/p>\n","protected":false},"author":3,"featured_media":17153,"comment_status":"closed","ping_status":"closed","sticky":false,"template":"","format":"standard","meta":[],"categories":[182],"tags":[],"_links":{"self":[{"href":"https:\/\/magisterneurociencia.uv.cl\/index.php?rest_route=\/wp\/v2\/posts\/17139"}],"collection":[{"href":"https:\/\/magisterneurociencia.uv.cl\/index.php?rest_route=\/wp\/v2\/posts"}],"about":[{"href":"https:\/\/magisterneurociencia.uv.cl\/index.php?rest_route=\/wp\/v2\/types\/post"}],"author":[{"embeddable":true,"href":"https:\/\/magisterneurociencia.uv.cl\/index.php?rest_route=\/wp\/v2\/users\/3"}],"replies":[{"embeddable":true,"href":"https:\/\/magisterneurociencia.uv.cl\/index.php?rest_route=%2Fwp%2Fv2%2Fcomments&post=17139"}],"version-history":[{"count":8,"href":"https:\/\/magisterneurociencia.uv.cl\/index.php?rest_route=\/wp\/v2\/posts\/17139\/revisions"}],"predecessor-version":[{"id":17161,"href":"https:\/\/magisterneurociencia.uv.cl\/index.php?rest_route=\/wp\/v2\/posts\/17139\/revisions\/17161"}],"wp:featuredmedia":[{"embeddable":true,"href":"https:\/\/magisterneurociencia.uv.cl\/index.php?rest_route=\/wp\/v2\/media\/17153"}],"wp:attachment":[{"href":"https:\/\/magisterneurociencia.uv.cl\/index.php?rest_route=%2Fwp%2Fv2%2Fmedia&parent=17139"}],"wp:term":[{"taxonomy":"category","embeddable":true,"href":"https:\/\/magisterneurociencia.uv.cl\/index.php?rest_route=%2Fwp%2Fv2%2Fcategories&post=17139"},{"taxonomy":"post_tag","embeddable":true,"href":"https:\/\/magisterneurociencia.uv.cl\/index.php?rest_route=%2Fwp%2Fv2%2Ftags&post=17139"}],"curies":[{"name":"wp","href":"https:\/\/api.w.org\/{rel}","templated":true}]}}