{"id":17120,"date":"2026-08-31T18:07:11","date_gmt":"2026-08-31T18:07:11","guid":{"rendered":"https:\/\/magisterneurociencia.uv.cl\/?p=17120"},"modified":"2026-08-31T18:29:36","modified_gmt":"2026-08-31T18:29:36","slug":"tres-investigadores-en-chile-integran-lasa-en-ciencias-de-la-vida-y-medicina-los-tres-son-academicos-del-magister-en-neurociencia","status":"publish","type":"post","link":"https:\/\/magisterneurociencia.uv.cl\/?p=17120","title":{"rendered":"Tres investigadores en Chile integran LASA en Ciencias de la Vida y Medicina: Los tres son acad\u00e9micos del Mag\u00edster en Neurociencia UV"},"content":{"rendered":"Las nuevas invitaciones a los doctores Angelina Palacios y John Ewer se suman a la recibida previamente por Juan Carlos S\u00e1ez, director del Instituto Milenio CINV. Los tres acad\u00e9micos UV fueron incorporados a la Academia de Ciencias y Artes de Luxemburgo (LASA), junto a destacados cient\u00edficos, entre ellos 22 Premios Nobel.<!--more--><br \/><br \/><br \/><img decoding=\"async\" loading=\"lazy\" class=\"size-medium wp-image-17121 alignleft\" src=\"https:\/\/magisterneurociencia.uv.cl\/wp-content\/uploads\/2026\/08\/WhatsApp-Image-2026-08-31-at-1.53.14-PM-300x142.jpeg\" alt=\"\" width=\"300\" height=\"142\" \/>Los doctores Angelina Palacios y John Ewer, ambos acad\u00e9micos del programa de Mag\u00edster en Neurociencias de la Universidad de Valpara\u00edso e investigadores del Instituto Milenio Centro Interdisciplinario de Neurociencia de Valpara\u00edso (CINV), fueron invitados a integrar como Foreign Member (Miembros Extranjeros), la Academia de Ciencias y Artes de Luxemburgo, conocida internacionalmente como LASA. <br \/><br \/>Con estas incorporaciones, los dos investigadores se suman al doctor Juan Carlos S\u00e1ez, director del Instituto Milenio CINV, quien recibi\u00f3 previamente la misma invitaci\u00f3n y cuya incorporaci\u00f3n fue comunicada por la Universidad de Valpara\u00edso en agosto de este a\u00f1o. Su reconocimiento destac\u00f3 sus contribuciones en neurociencia, comunicaci\u00f3n celular y el estudio de las conexinas y panexinas, adem\u00e1s de su trayectoria en formaci\u00f3n de investigadores y colaboraci\u00f3n cient\u00edfica internacional. <br \/><br \/>De esta manera, los doctores S\u00e1ez, Palacios y Ewer se convierten en los tres investigadores de la Universidad de Valpara\u00edso que integran la Red Internacional LASA en la categor\u00eda de Ciencias de la Vida y Medicina y, de acuerdo a la informaci\u00f3n publicada en la plataforma web de LASA, son los \u00fanicos tres cient\u00edficos chilenos que, hasta ahora, han recibido este nombramiento en dicha \u00e1rea. <br \/><br \/>La Academia de Ciencias y Artes de Luxemburgo es una asociaci\u00f3n acad\u00e9mica independiente y sin fines de lucro que busca conectar las ciencias, la tecnolog\u00eda, las artes, las humanidades y la educaci\u00f3n mediante el di\u00e1logo interdisciplinario, el intercambio internacional y el apoyo a nuevos talentos. Su comunidad re\u00fane a investigadores y acad\u00e9micos de distintas partes del mundo. Entre sus \u00e1reas de trabajo se encuentran Ciencia, Salud y Tecnolog\u00eda; Artes, Cultura y Patrimonio; Juventud, Educaci\u00f3n y Nuevos Talentos, y Di\u00e1logo Interdisciplinario y Cooperaci\u00f3n Internacional. <br \/><br \/>La dimensi\u00f3n internacional de esta comunidad tambi\u00e9n se refleja en la presencia de destacados cient\u00edficos entre sus integrantes, entre ellos la neurocient\u00edfica May-Britt Moser, quien recibi\u00f3 el Premio Nobel de Fisiolog\u00eda o Medicina 2014, junto a John O\u2019Keefe y Edvard Moser. A ella se suman otros investigadores de reconocida trayectoria internacional en diversas \u00e1reas del conocimiento. <br \/><br \/>Para la joven investigadora Angelina Palacios, bioqu\u00edmica y doctora en Ciencias menci\u00f3n Neurociencia de la Universidad de Valpara\u00edso, con postdoctorado de la PUC, esta invitaci\u00f3n constituye un reconocimiento a un trabajo cient\u00edfico que ya ha logrado proyectarse internacionalmente.<br \/>\u201cEs un honor. La verdad es que cuando recib\u00ed el correo con la invitaci\u00f3n a ser Miembro Extranjero de esta sociedad fue un tanto sorprendente, pero tambi\u00e9n me sent\u00ed honrada, porque ah\u00ed se indicaba la contribuci\u00f3n que yo he hecho, que en realidad estoy comenzando mi carrera, llevo un par de a\u00f1os, pero en ese sentido fue inesperado. Tambi\u00e9n es muy inspirador para seguir en la investigaci\u00f3n y continuar con esta motivaci\u00f3n viva\u201d, se\u00f1ala. <br \/><br \/>La cient\u00edfica en su laboratorio investiga la gen\u00e9tica del trastorno del espectro autista utilizando como organismo modelo de estudio a la mosca Drosophila melanogaster. Tomando ventaja de las herramientas gen\u00e9ticas y moleculares disponibles en Drosophila, busca entender la funci\u00f3n de genes de alto riesgo de autismo y su importancia en procesos del neurodesarrollo. Adem\u00e1s, estudia las implicancias del reloj biol\u00f3gico sobre la fisiolog\u00eda y la conducta. <br \/><br \/>Desde la Facultad de Odontolog\u00eda, donde tambi\u00e9n es acad\u00e9mica, la doctora Palacios desarrolla as\u00ed una investigaci\u00f3n que conecta disciplinas y permite abordar preguntas sobre el funcionamiento del cerebro desde distintas escalas, desde los mecanismos gen\u00e9ticos hasta sus efectos sobre el desarrollo y el comportamiento. <br \/>\u201cUn tema tambi\u00e9n importante es el g\u00e9nero. Ser la \u00fanica mujer del \u00e1rea que est\u00e1 siendo invitada a ser miembro en Chile es un honor para m\u00ed\u201d, destaca. <br \/><br \/>Para la investigadora, formar parte de esta comunidad internacional representa una oportunidad para ampliar las perspectivas desde las cuales se aborda la investigaci\u00f3n cient\u00edfica: \u201cSin duda, esta es una academia nueva, se fund\u00f3 en 2024, por lo que entiendo, pero est\u00e1 acogiendo a personajes importantes. Tiene muchos Premios Nobel y tambi\u00e9n a colegas que recibieron este honor, como el doctor Juan Carlos S\u00e1ez y el doctor John Ewer. Para m\u00ed es un honor estar junto a ellos y, como digo, es s\u00faper motivante desde el punto de vista de la investigaci\u00f3n y de la contribuci\u00f3n que uno puede seguir realizando al campo, sobre todo para mirar la investigaci\u00f3n desde una perspectiva interdisciplinaria\u201d. <br \/><br \/>La nueva incorporaci\u00f3n tambi\u00e9n reconoce la trayectoria del doctor John Ewer, acad\u00e9mico del programa de Mag\u00edster en Neurociencias de la UV e investigador del Instituto Milenio CINV. Es doctor en Biolog\u00eda por Brandeis University, Estados Unidos, y desarrolla su investigaci\u00f3n en torno a la regulaci\u00f3n de la conducta y la fisiolog\u00eda mediante neurop\u00e9ptidos y el reloj biol\u00f3gico, utilizando herramientas gen\u00e9ticas y gen\u00f3micas disponibles en el organismo modelo Drosophila melanogaster. Asimismo, ha orientado parte de su trabajo a divulgar el impacto que tiene el reloj biol\u00f3gico y los horarios sobre el desempe\u00f1o humano, y participa activamente en el debate sobre la necesidad de que Chile adopte el huso horario que corresponde a su posici\u00f3n geogr\u00e1fica. <br \/><br \/>Para la Universidad de Valpara\u00edso, el reconocimiento compartido por los doctores Palacios, Ewer y S\u00e1ez proyecta el trabajo cient\u00edfico que se desarrolla en sus facultades y, particularmente, en el Instituto Milenio CINV, donde investigaci\u00f3n y formaci\u00f3n avanzada convergen en torno al estudio del sistema nervioso.","protected":false},"excerpt":{"rendered":"<p>Las nuevas invitaciones a los doctores Angelina Palacios y John Ewer se suman a la recibida previamente por Juan Carlos S\u00e1ez, director del Instituto Milenio CINV. Los tres acad\u00e9micos UV fueron incorporados a la Academia de Ciencias y Artes de Luxemburgo (LASA), junto a destacados cient\u00edficos, entre ellos 22 Premios Nobel.<\/p>\n","protected":false},"author":3,"featured_media":17126,"comment_status":"closed","ping_status":"closed","sticky":false,"template":"","format":"standard","meta":[],"categories":[184],"tags":[],"_links":{"self":[{"href":"https:\/\/magisterneurociencia.uv.cl\/index.php?rest_route=\/wp\/v2\/posts\/17120"}],"collection":[{"href":"https:\/\/magisterneurociencia.uv.cl\/index.php?rest_route=\/wp\/v2\/posts"}],"about":[{"href":"https:\/\/magisterneurociencia.uv.cl\/index.php?rest_route=\/wp\/v2\/types\/post"}],"author":[{"embeddable":true,"href":"https:\/\/magisterneurociencia.uv.cl\/index.php?rest_route=\/wp\/v2\/users\/3"}],"replies":[{"embeddable":true,"href":"https:\/\/magisterneurociencia.uv.cl\/index.php?rest_route=%2Fwp%2Fv2%2Fcomments&post=17120"}],"version-history":[{"count":3,"href":"https:\/\/magisterneurociencia.uv.cl\/index.php?rest_route=\/wp\/v2\/posts\/17120\/revisions"}],"predecessor-version":[{"id":17125,"href":"https:\/\/magisterneurociencia.uv.cl\/index.php?rest_route=\/wp\/v2\/posts\/17120\/revisions\/17125"}],"wp:featuredmedia":[{"embeddable":true,"href":"https:\/\/magisterneurociencia.uv.cl\/index.php?rest_route=\/wp\/v2\/media\/17126"}],"wp:attachment":[{"href":"https:\/\/magisterneurociencia.uv.cl\/index.php?rest_route=%2Fwp%2Fv2%2Fmedia&parent=17120"}],"wp:term":[{"taxonomy":"category","embeddable":true,"href":"https:\/\/magisterneurociencia.uv.cl\/index.php?rest_route=%2Fwp%2Fv2%2Fcategories&post=17120"},{"taxonomy":"post_tag","embeddable":true,"href":"https:\/\/magisterneurociencia.uv.cl\/index.php?rest_route=%2Fwp%2Fv2%2Ftags&post=17120"}],"curies":[{"name":"wp","href":"https:\/\/api.w.org\/{rel}","templated":true}]}}